{"id":3615,"date":"2026-09-06T19:48:28","date_gmt":"2026-09-06T17:48:28","guid":{"rendered":"https:\/\/vaour.fr\/?p=3615"},"modified":"2026-09-06T19:48:28","modified_gmt":"2026-09-06T17:48:28","slug":"le-prochain-conseil-communautaire-de-la-4c-a-lieu-a-vaour","status":"publish","type":"post","link":"https:\/\/vaour.fr\/index.php\/2026\/09\/06\/le-prochain-conseil-communautaire-de-la-4c-a-lieu-a-vaour\/","title":{"rendered":"Le prochain conseil communautaire de la 4C a lieu \u00e0 Vaour"},"content":{"rendered":"\n<h2 class=\"wp-block-heading\">Le prochain conseil communautaire de la 4C a lieu \u00e0 Vaour : Mardi 8 septembre de 18h \u00e0 20h \u00e0 la salle des f\u00eates.<\/h2>\n\n\n\n<p class=\"wp-block-paragraph\"><strong>Acc\u00e8s libre : chaque citoyen.ne peut entrer dans la salle, observer les \u00e9changes et prendre des notes.<\/strong><\/p>\n\n\n\n<p class=\"wp-block-paragraph\">C&rsquo;est l&rsquo;occasion de voir, peut \u00eatre de comprendre mieux&#8230; et dans tous les cas de manifester notre pr\u00e9sence, notre souci de ce qui s&rsquo;y d\u00e9cide.<\/p>\n\n\n\n<p class=\"wp-block-paragraph\">Voir les communes et les membres du conseil de la 4C :<\/p>\n\n\n\n<figure class=\"wp-block-image size-large\"><img data-dominant-color=\"d4dfd8\" data-has-transparency=\"true\" style=\"--dominant-color: #d4dfd8;\" loading=\"lazy\" decoding=\"async\" width=\"1024\" height=\"724\" src=\"https:\/\/vaour.fr\/wp-content\/uploads\/2026\/09\/image-1024x724.png\" alt=\"\" class=\"wp-image-3616 has-transparency\" srcset=\"https:\/\/vaour.fr\/wp-content\/uploads\/2026\/09\/image-1024x724.png 1024w, https:\/\/vaour.fr\/wp-content\/uploads\/2026\/09\/image-300x212.png 300w, https:\/\/vaour.fr\/wp-content\/uploads\/2026\/09\/image-768x543.png 768w, https:\/\/vaour.fr\/wp-content\/uploads\/2026\/09\/image-1536x1086.png 1536w, https:\/\/vaour.fr\/wp-content\/uploads\/2026\/09\/image-1320x933.png 1320w, https:\/\/vaour.fr\/wp-content\/uploads\/2026\/09\/image.png 2000w\" sizes=\"auto, (max-width: 767px) 89vw, (max-width: 1000px) 54vw, (max-width: 1071px) 543px, 580px\" \/><\/figure>\n\n\n\n<div style=\"height:41px\" aria-hidden=\"true\" class=\"wp-block-spacer\"><\/div>\n\n\n\n<p class=\"wp-block-paragraph\"><strong><a href=\"https:\/\/vaour.fr\/?mailpoet_router&amp;endpoint=track&amp;action=click&amp;data=WyIxIiwiMDRiODU1IiwiNyIsIjI2NmU2NWM5NjA4NSIsZmFsc2Vd\">Voir les d\u00e9lib\u00e9rations et proc\u00e9s-verbaux des s\u00e9ances pr\u00e9c\u00e9dentes<\/a><\/strong><\/p>\n\n\n\n<h2 class=\"wp-block-heading\">La communaut\u00e9 de communes a des comp\u00e9tences structurantes pour notre village<\/h2>\n\n\n\n<ul class=\"wp-block-list\">\n<li>Am\u00e9nagement de l\u2019espace<\/li>\n\n\n\n<li>Politique de service public<\/li>\n\n\n\n<li>Actions environnementales int\u00e9ressant l\u2019ensemble de la communaut\u00e9<\/li>\n\n\n\n<li>Construction, entretien, fonctionnement d\u2019\u00e9quipement pr\u00e9-\u00e9l\u00e9mentaire et \u00e9l\u00e9mentaire (\u00e9coles) d\u2019int\u00e9r\u00eat communautaire<\/li>\n\n\n\n<li>Prise en charge des cotisations incendie et secours des communes adh\u00e9rentes<\/li>\n\n\n\n<li>Actions de d\u00e9veloppement \u00e9conomique int\u00e9ressant l\u2019ensemble de la communaut\u00e9<\/li>\n\n\n\n<li>Construction, entretien et fonctionnement d\u2019\u00e9quipements culturels et sportifs d\u2019int\u00e9r\u00eat communautaire<\/li>\n\n\n\n<li>Cr\u00e9ation, am\u00e9nagement et entretien de la voirie intercommunale<\/li>\n\n\n\n<li>Am\u00e9nagement num\u00e9rique<\/li>\n\n\n\n<li>Mise \u00e0 disposition d\u2019un agent d\u2019entretien aux petites communes n\u2019ayant pas d\u2019employ\u00e9 municipal<\/li>\n<\/ul>\n\n\n\n<div style=\"height:41px\" aria-hidden=\"true\" class=\"wp-block-spacer\"><\/div>\n\n\n\n<p class=\"wp-block-paragraph\"><a href=\"https:\/\/vaour.fr\/?mailpoet_router&amp;endpoint=track&amp;action=click&amp;data=WyIxIiwiMDRiODU1IiwiNyIsImQ1ODQwZmZlZDMxNyIsZmFsc2Vd\"><strong>Voir les comp\u00e9tences en d\u00e9tail<\/strong><\/a><\/p>\n\n\n\n<p class=\"wp-block-paragraph\"><\/p>\n","protected":false},"excerpt":{"rendered":"<p>Le prochain conseil communautaire de la 4C a lieu \u00e0 Vaour : Mardi 8 septembre de 18h \u00e0 20h \u00e0 la salle des f\u00eates. Acc\u00e8s libre : chaque citoyen.ne peut entrer dans la salle, observer les \u00e9changes et prendre des notes. C&rsquo;est l&rsquo;occasion de voir, peut \u00eatre de comprendre mieux&#8230; et dans tous les cas &hellip; <\/p>\n<p class=\"link-more\"><a href=\"https:\/\/vaour.fr\/index.php\/2026\/09\/06\/le-prochain-conseil-communautaire-de-la-4c-a-lieu-a-vaour\/\" class=\"more-link\">Continuer la lecture<span class=\"screen-reader-text\"> de &laquo;&nbsp;Le prochain conseil communautaire de la 4C a lieu \u00e0 Vaour&nbsp;&raquo;<\/span><\/a><\/p>\n","protected":false},"author":7,"featured_media":0,"comment_status":"open","ping_status":"open","sticky":false,"template":"","format":"aside","meta":{"_uag_custom_page_level_css":"","advanced_seo_description":"","jetpack_seo_html_title":"","jetpack_seo_noindex":false,"jetpack_seo_schema_type":"","_jetpack_newsletter_access":"","_jetpack_dont_email_post_to_subs":false,"_jetpack_newsletter_tier_id":0,"_jetpack_memberships_contains_paywalled_content":false,"_jetpack_feature_clip_id":0,"_jetpack_memberships_contains_paid_content":false,"footnotes":"","jetpack_post_was_ever_published":false},"categories":[7],"tags":[],"class_list":["post-3615","post","type-post","status-publish","format-aside","hentry","category-4c","post_format-post-format-aside"],"uagb_featured_image_src":{"full":false,"thumbnail":false,"medium":false,"medium_large":false,"large":false,"thumblist":false,"thumbrelated":false,"meccarouselthumb":false,"gridsquare":false,"tileview":false,"1536x1536":false,"2048x2048":false,"twentyseventeen-featured-image":false,"twentyseventeen-thumbnail-avatar":false,"mailpoet_newsletter_max":false},"uagb_author_info":{"display_name":"Informatique VAOUR","author_link":"https:\/\/vaour.fr\/index.php\/author\/informatiquevaour-fr\/"},"uagb_comment_info":0,"uagb_excerpt":"Le prochain conseil communautaire de la 4C a lieu \u00e0 Vaour : Mardi 8 septembre de 18h \u00e0 20h \u00e0 la salle des f\u00eates. Acc\u00e8s libre : chaque citoyen.ne peut entrer dans la salle, observer les \u00e9changes et prendre des notes. C&rsquo;est l&rsquo;occasion de voir, peut \u00eatre de comprendre mieux&#8230; et dans tous les cas\u2026","jetpack_sharing_enabled":true,"jetpack_featured_media_url":"","_links":{"self":[{"href":"https:\/\/vaour.fr\/index.php\/wp-json\/wp\/v2\/posts\/3615","targetHints":{"allow":["GET"]}}],"collection":[{"href":"https:\/\/vaour.fr\/index.php\/wp-json\/wp\/v2\/posts"}],"about":[{"href":"https:\/\/vaour.fr\/index.php\/wp-json\/wp\/v2\/types\/post"}],"author":[{"embeddable":true,"href":"https:\/\/vaour.fr\/index.php\/wp-json\/wp\/v2\/users\/7"}],"replies":[{"embeddable":true,"href":"https:\/\/vaour.fr\/index.php\/wp-json\/wp\/v2\/comments?post=3615"}],"version-history":[{"count":1,"href":"https:\/\/vaour.fr\/index.php\/wp-json\/wp\/v2\/posts\/3615\/revisions"}],"predecessor-version":[{"id":3617,"href":"https:\/\/vaour.fr\/index.php\/wp-json\/wp\/v2\/posts\/3615\/revisions\/3617"}],"wp:attachment":[{"href":"https:\/\/vaour.fr\/index.php\/wp-json\/wp\/v2\/media?parent=3615"}],"wp:term":[{"taxonomy":"category","embeddable":true,"href":"https:\/\/vaour.fr\/index.php\/wp-json\/wp\/v2\/categories?post=3615"},{"taxonomy":"post_tag","embeddable":true,"href":"https:\/\/vaour.fr\/index.php\/wp-json\/wp\/v2\/tags?post=3615"}],"curies":[{"name":"wp","href":"https:\/\/api.w.org\/{rel}","templated":true}]}}